{"id":133,"date":"2017-04-20T11:00:13","date_gmt":"2017-04-20T09:00:13","guid":{"rendered":"https:\/\/www.bar-formations.com\/blog\/?p=133"},"modified":"2018-07-31T14:22:00","modified_gmt":"2018-07-31T12:22:00","slug":"formation-videographer-after-effects-et-adobe-premiere-a-nantes","status":"publish","type":"post","link":"https:\/\/www.bar-formations.com\/blog\/formation-videographer-after-effects-et-adobe-premiere-a-nantes\/","title":{"rendered":"Formation Videographer : After Effects et Adobe Premiere \u00e0 Nantes"},"content":{"rendered":"<p style=\"text-align: center;\">\u00a0<a href=\"https:\/\/www.bar-formations.com\/formation-videaste-videographer-nantes\/\"><img loading=\"lazy\" decoding=\"async\" class=\"aligncenter wp-image-136 size-full\" src=\"https:\/\/www.bar-formations.com\/blog\/wp-content\/uploads\/2017\/05\/fiche-formation-videographer-bar-formation-nantes.jpg\" alt=\"fiche formation videographer bar formation nantes\" width=\"1000\" height=\"563\" srcset=\"https:\/\/www.bar-formations.com\/blog\/wp-content\/uploads\/2017\/05\/fiche-formation-videographer-bar-formation-nantes.jpg 1920w, https:\/\/www.bar-formations.com\/blog\/wp-content\/uploads\/2017\/05\/fiche-formation-videographer-bar-formation-nantes-380x214.jpg 380w, https:\/\/www.bar-formations.com\/blog\/wp-content\/uploads\/2017\/05\/fiche-formation-videographer-bar-formation-nantes-768x432.jpg 768w, https:\/\/www.bar-formations.com\/blog\/wp-content\/uploads\/2017\/05\/fiche-formation-videographer-bar-formation-nantes-1024x576.jpg 1024w, https:\/\/www.bar-formations.com\/blog\/wp-content\/uploads\/2017\/05\/fiche-formation-videographer-bar-formation-nantes-124x70.jpg 124w\" sizes=\"auto, (max-width: 1000px) 100vw, 1000px\" \/><\/a><\/p>\n<p style=\"text-align: center;\"><a class=\"flat-button\" href=\"https:\/\/www.bar-formations.com\/formation-videaste-videographer-nantes\/\">Fiche Formation <span class=\"_Tgc\">Menu Videographer : After Effects &amp; Adobe Premiere<\/span><\/a><\/p>\n<p style=\"text-align: center;\">Vous \u00eates \u00e0 la recherche d&rsquo;une formation courte d\u00e9di\u00e9e au m\u00e9tier de VideoGrapher dans la r\u00e9gion de Nantes ?<\/p>\n<p style=\"text-align: center;\"><a href=\"https:\/\/www.bar-formations.com\/\">Le Bar \u00e0 Formations<\/a> a surement ce qu&rsquo;il vous faut !<\/p>\n<p><span class=\"_Tgc\">Ce \u00ab\u00a0Menu Videographer \/ Filmmaker\u00a0\u00bb s&rsquo;adresse aux personnes souhaitant conna\u00eetre et ma\u00eetriser les grandes \u00e9tapes d&rsquo;une vid\u00e9o professionnelle. Bien que des conseils en captation sont donn\u00e9s, l&rsquo;accent est mis sur la Post Production. Le Workflow complet est abord\u00e9 : montage, \u00e9talonnage, motion design, publication, travailler en 4k etc&#8230; Les logiciels utilis\u00e9s sont Adobe Premiere Pro et After Effects.<br \/>\n<\/span><\/p>\n<p><a href=\"https:\/\/www.simon-k.com\" target=\"_blank\" rel=\"noopener noreferrer\">Simon Kern<\/a> (le formateur) est Web | Graphic | Motion Designer. Il a travaill\u00e9 notamment en agence de publicit\u00e9 \u00e0 Paris o\u00f9 la captation, le montage et l&rsquo;animation faisait partie de son quotidien avec des marques comme Est\u00e9e Lauder ou Mellerio dits Meller. Mais il aime surtout filmer les mariages et cr\u00e9er des spots authentiques en dehors des studios.<\/p>\n<h4>Objectifs :<\/h4>\n<p>Ma\u00eetriser les \u00e9tapes en Post Production : montage, \u00e9talonnage, effets sp\u00e9ciaux&#8230;<\/p>\n<ul>\n<li>Conna\u00eetre After Effects et Adobe Premiere Pro.<\/li>\n<li>D\u00e9couvrir le workflow complet d&rsquo;une cr\u00e9ation vid\u00e9o.<\/li>\n<li>Trier, monter, \u00e9talonner, stabiliser&#8230; un m\u00e9trage vid\u00e9o.<\/li>\n<li>Animer du texte &amp; des images.<\/li>\n<li>Ma\u00eetriser les grandes \u00e9tapes en Post Production.<\/li>\n<li>Trouver l&rsquo;inspiration en vid\u00e9o \/ montage.<\/li>\n<li>Conna\u00eetre les contraintes des vid\u00e9os UHD (4k).<\/li>\n<\/ul>\n<h4>Public :<\/h4>\n<p>N\u00e9ophyte avec After Effects et Adobe Premiere. Vous souhaitez mettre rapidement le pied \u00e0 l\u2019\u00e9trier dans le monde de la post production pour cr\u00e9er des vid\u00e9os pros et bien construites avec des conseils de terrain.<\/p>\n<p><em>Exemple : Vid\u00e9aste de mariage, de court m\u00e9trage, vid\u00e9o de pr\u00e9sentation d\u2019entreprise, vid\u00e9o Youtube ou Vimeo&#8230; Nombreux sont les m\u00e9trages qui utilisent avec subtilit\u00e9 les effets sp\u00e9ciaux : la prise de vue, le montage et l\u2019\u00e9talonnage sont les fondations incontournables.<\/em><\/p>\n<h4>Pourquoi venir au Bar \u00e0 Formations ?<\/h4>\n<p style=\"text-align: center;\"><video autoplay=\"autoplay\" loop=\"loop\" width=\"600\" height=\"440\"><source src=\"https:\/\/www.bar-formations.com\/presse\/videos\/bar-formations-rosiere-loop.mp4\" type=\"video\/mp4\" \/><img loading=\"lazy\" decoding=\"async\" src=\"https:\/\/www.bar-formations.com\/presse\/videos\/bar-formations-rosiere-loop.jpg\" width=\"600\" height=\"440\" \/><\/video><\/p>\n<p><span class=\"s1\">Nous accueillons les participants avec un bon petit d\u00e9jeuner, le repas de midi se d\u00e9guste dans des \u00e9tablissements o\u00f9 la cuisine est faite maison et il est m\u00eame possible de se former \u00e0 l\u2019ombre d\u2019un parasol ou pr\u00e8s d\u2019un feu de chemin\u00e9\u2026 C\u2019est cet esprit \u00ab\u00a0chaleureux\u00a0\u00bb, comme dans un bon bar, que nous tentons de retransmettre. Le maximum est fait pour que l\u2019exp\u00e9rience soit r\u00e9ussie ! <\/span>Notre potion magique pour stimuler les neurones: un environnement, des plans de formations et une ambiance qui <strong>sortent des sentiers battus<\/strong>.<\/p>\n<p>L\u2019essence m\u00eame du Bar \u00e0 Formations est de tout mettre en \u0153uvre pour faciliter les \u00e9changes et ajouter une (ou plusieurs) corde(s) \u00e0 son arc. Nou<span class=\"s1\">s souhaitions un lieu hors du commun qui immerge instantan\u00e9ment les participants dans un monde \u00e0 part et notre \u00ab\u00a0<a href=\"https:\/\/www.bar-formations.com\/infos-pratiques\"><span class=\"s2\">terrain de jeu\u00a0<\/span><\/a>\u00bb situ\u00e9 dans le centre de Nantes rempli parfaitement ce r\u00f4le. C\u2019est comme rentrer dans une salle de th\u00e9\u00e2tre : on est en condition pour appr\u00e9cier le spectacle \u00e0 sa juste valeur. <strong>L\u2019exp\u00e9rience est alors plus riche, plus intense<\/strong>.<\/span><\/p>\n<p><a href=\"https:\/\/www.bar-formations.com\/infos-pratiques\"><img loading=\"lazy\" decoding=\"async\" class=\"size-full wp-image-38 aligncenter\" src=\"https:\/\/www.bar-formations.com\/blog\/wp-content\/uploads\/2017\/01\/bar-formations-interieur.jpg\" alt=\"bar-formations-interieur\" width=\"950\" height=\"610\" srcset=\"https:\/\/www.bar-formations.com\/blog\/wp-content\/uploads\/2017\/01\/bar-formations-interieur.jpg 950w, https:\/\/www.bar-formations.com\/blog\/wp-content\/uploads\/2017\/01\/bar-formations-interieur-300x193.jpg 300w, https:\/\/www.bar-formations.com\/blog\/wp-content\/uploads\/2017\/01\/bar-formations-interieur-768x493.jpg 768w, https:\/\/www.bar-formations.com\/blog\/wp-content\/uploads\/2017\/01\/bar-formations-interieur-109x70.jpg 109w\" sizes=\"auto, (max-width: 950px) 100vw, 950px\" \/><\/a><\/p>\n<h4>Dur\u00e9e et lieu :<\/h4>\n<p>Cette formation Menu Videographer \/\u00a0Filmmaker dure 2 jours.<\/p>\n<p>Nos formations se d\u00e9roulent en plein centre historique de la belle ville de Nantes \u00e0 La Rosi\u00e8re.<\/p>\n<p>Petit d\u00e9jeuner &amp; Repas gourmand du midi inclus.<br \/>\n6 Stagiaires maximum par session.<\/p>\n<h4>Plan de formation &amp; D\u00e9tails :<\/h4>\n<p style=\"text-align: center;\">Pour plus d&rsquo;informations sur cette formation Webdesigner \u00e0 Nantes, rendez vous sur<br \/>\nla <a href=\"https:\/\/www.bar-formations.com\/formation-videaste-videographer-nantes\/\">fiche d\u00e9taill\u00e9e du <span class=\"_Tgc\">Menu Videographer : After Effects &amp; Adobe Premiere<\/span><\/a><\/p>\n<p style=\"text-align: center;\"><a class=\"flat-button\" href=\"https:\/\/www.bar-formations.com\/formation-videaste-videographer-nantes\/\">Fiche Formation <span class=\"_Tgc\">Menu Videographer : After Effects &amp; Adobe Premiere<\/span><\/a><\/p>\n<p style=\"text-align: center;\">\u00a0<a href=\"https:\/\/www.bar-formations.com\/formation-videaste-videographer-nantes\/\"><img loading=\"lazy\" decoding=\"async\" class=\"aligncenter wp-image-136 size-full\" src=\"https:\/\/www.bar-formations.com\/blog\/wp-content\/uploads\/2017\/05\/fiche-formation-videographer-bar-formation-nantes.jpg\" alt=\"fiche formation videographer bar formation nantes\" width=\"1000\" height=\"563\" srcset=\"https:\/\/www.bar-formations.com\/blog\/wp-content\/uploads\/2017\/05\/fiche-formation-videographer-bar-formation-nantes.jpg 1920w, https:\/\/www.bar-formations.com\/blog\/wp-content\/uploads\/2017\/05\/fiche-formation-videographer-bar-formation-nantes-380x214.jpg 380w, https:\/\/www.bar-formations.com\/blog\/wp-content\/uploads\/2017\/05\/fiche-formation-videographer-bar-formation-nantes-768x432.jpg 768w, https:\/\/www.bar-formations.com\/blog\/wp-content\/uploads\/2017\/05\/fiche-formation-videographer-bar-formation-nantes-1024x576.jpg 1024w, https:\/\/www.bar-formations.com\/blog\/wp-content\/uploads\/2017\/05\/fiche-formation-videographer-bar-formation-nantes-124x70.jpg 124w\" sizes=\"auto, (max-width: 1000px) 100vw, 1000px\" \/><\/a><\/p>\n","protected":false},"excerpt":{"rendered":"<p>\u00a0 Fiche Formation Menu Videographer : After Effects &amp; Adobe Premiere Vous \u00eates \u00e0 la recherche d&rsquo;une formation courte d\u00e9di\u00e9e au m\u00e9tier de VideoGrapher dans la r\u00e9gion de Nantes ? Le Bar \u00e0 Formations a surement ce qu&rsquo;il vous faut ! Ce \u00ab\u00a0Menu Videographer \/ Filmmaker\u00a0\u00bb s&rsquo;adresse aux personnes souhaitant conna\u00eetre et ma\u00eetriser les grandes [&hellip;]<\/p>\n","protected":false},"author":1,"featured_media":136,"comment_status":"closed","ping_status":"closed","sticky":false,"template":"","format":"standard","meta":{"footnotes":""},"categories":[1,3],"tags":[2],"class_list":["post-133","post","type-post","status-publish","format-standard","has-post-thumbnail","hentry","category-blog","category-formations-nantes","tag-formation"],"aioseo_notices":[],"_links":{"self":[{"href":"https:\/\/www.bar-formations.com\/blog\/wp-json\/wp\/v2\/posts\/133","targetHints":{"allow":["GET"]}}],"collection":[{"href":"https:\/\/www.bar-formations.com\/blog\/wp-json\/wp\/v2\/posts"}],"about":[{"href":"https:\/\/www.bar-formations.com\/blog\/wp-json\/wp\/v2\/types\/post"}],"author":[{"embeddable":true,"href":"https:\/\/www.bar-formations.com\/blog\/wp-json\/wp\/v2\/users\/1"}],"replies":[{"embeddable":true,"href":"https:\/\/www.bar-formations.com\/blog\/wp-json\/wp\/v2\/comments?post=133"}],"version-history":[{"count":12,"href":"https:\/\/www.bar-formations.com\/blog\/wp-json\/wp\/v2\/posts\/133\/revisions"}],"predecessor-version":[{"id":1534,"href":"https:\/\/www.bar-formations.com\/blog\/wp-json\/wp\/v2\/posts\/133\/revisions\/1534"}],"wp:featuredmedia":[{"embeddable":true,"href":"https:\/\/www.bar-formations.com\/blog\/wp-json\/wp\/v2\/media\/136"}],"wp:attachment":[{"href":"https:\/\/www.bar-formations.com\/blog\/wp-json\/wp\/v2\/media?parent=133"}],"wp:term":[{"taxonomy":"category","embeddable":true,"href":"https:\/\/www.bar-formations.com\/blog\/wp-json\/wp\/v2\/categories?post=133"},{"taxonomy":"post_tag","embeddable":true,"href":"https:\/\/www.bar-formations.com\/blog\/wp-json\/wp\/v2\/tags?post=133"}],"curies":[{"name":"wp","href":"https:\/\/api.w.org\/{rel}","templated":true}]}}